{"id":31394,"date":"2022-08-31T18:54:35","date_gmt":"2022-08-31T18:54:35","guid":{"rendered":"https:\/\/amelie-project.eu\/?p=31394"},"modified":"2022-08-31T18:54:37","modified_gmt":"2022-08-31T18:54:37","slug":"une-enquete-amelie-montre-que-lincontinence-fecale-est-consideree-comme-un-grave-probleme-de-sante-publique","status":"publish","type":"post","link":"https:\/\/amelie-project.eu\/fr\/une-enquete-amelie-montre-que-lincontinence-fecale-est-consideree-comme-un-grave-probleme-de-sante-publique\/","title":{"rendered":"L'enqu\u00eate AMELIE montre que l'incontinence f\u00e9cale est consid\u00e9r\u00e9e comme un grave probl\u00e8me de sant\u00e9 publique"},"content":{"rendered":"<p>L'incontinence f\u00e9cale (IF) est une affection courante qui touche environ 67 millions de personnes en Europe. Beaucoup de ces personnes peuvent \u00eatre incontinentes \u00e0 cause d'une blessure, souvent \u00e0 la suite d'un accouchement. Les recherches d'AMELIE sur la m\u00e9decine r\u00e9g\u00e9n\u00e9rative et la th\u00e9rapie cellulaire visent \u00e0 aider ces personnes. Dans le cadre du projet AMELIE, nous avons men\u00e9 une enqu\u00eate pour savoir ce que les gens pensent de l'IF et de la m\u00e9decine r\u00e9g\u00e9n\u00e9rative dans diff\u00e9rents pays europ\u00e9ens.<\/p>\n\n\n\n<p><strong>Conception de l'enqu\u00eate<\/strong><\/p>\n\n\n\n<p>L'enqu\u00eate a \u00e9t\u00e9 con\u00e7ue et diffus\u00e9e avec l'aide d'organisations caritatives britanniques et europ\u00e9ennes, notamment la F\u00e9d\u00e9ration mondiale pour l'incontinence et les probl\u00e8mes pelviens (WFIPP) et l'Associaci\u00f3 per la Incontin\u00e8ncia Anal (ASIA). L'enqu\u00eate a \u00e9t\u00e9 men\u00e9e par Bowel Research UK (BRUK), partenaire d'AMELIE. L'enqu\u00eate a \u00e9t\u00e9 publi\u00e9e en danois, allemand, fran\u00e7ais, italien, espagnol, portugais et n\u00e9erlandais. Elle a \u00e9t\u00e9 officiellement publi\u00e9e le 15<sup>th<\/sup> Novembre 2021. BRUK a \u00e9galement \u00e9tabli un lien avec l'organisation caritative MASIC, qui repr\u00e9sente les femmes souffrant de l\u00e9sions obst\u00e9tricales (l\u00e9sions survenues lors de l'accouchement). MASIC a fait conna\u00eetre l'enqu\u00eate par l'interm\u00e9diaire de son r\u00e9seau. L'enqu\u00eate est rest\u00e9e ouverte jusqu'au 21<sup>st<\/sup> F\u00e9vrier 2022.<\/p>\n\n\n\n<p>L'enqu\u00eate \u00e9tait divis\u00e9e en quatre sections :<\/p>\n\n\n\n<ul class=\"wp-block-list\"><li>\u00c0 propos de vous<\/li><li>Opinions et sensibilisation \u00e0 l'incontinence<\/li><li>Points de vue et connaissance des traitements actuels<\/li><li>Opinions sur l'acceptabilit\u00e9 des nouveaux traitements de l'incontinence par th\u00e9rapie cellulaire<\/li><\/ul>\n\n\n\n<p>Les r\u00e9sultats ont \u00e9t\u00e9 analys\u00e9s \u00e0 l'aide des informations recueillies dans la section \u2018\u00e0 propos de vous\u2019, en particulier le sexe, l'\u00e2ge et l'origine ethnique.<\/p>\n\n\n\n<p><strong>R\u00e9sultats<\/strong><\/p>\n\n\n\n<p>Au total, nous avons re\u00e7u 379 r\u00e9ponses. 287 d'entre elles \u00e9taient des femmes, dont 53% \u00e2g\u00e9es de 41 \u00e0 65 ans. Nous avons constat\u00e9 que les femmes \u00e9taient plus enclines \u00e0 dire que les probl\u00e8mes urinaires \u00e9taient un probl\u00e8me de sant\u00e9 publique plus grave que les probl\u00e8mes f\u00e9caux. Les femmes \u00e9taient \u00e9galement plus nombreuses \u00e0 penser que l'incontinence \u00e9tait pire qu'une douleur mod\u00e9r\u00e9e permanente. Les femmes \u00e9taient \u00e9galement beaucoup plus au courant des diff\u00e9rents groupes de sant\u00e9 et associations caritatives, 29% affirmant qu'elles \u00e9taient au courant ou tr\u00e8s au courant.<\/p>\n\n\n\n<p>Les diff\u00e9rents groupes d'\u00e2ge ont des opinions diff\u00e9rentes sur l'incontinence. Par exemple, 29% des personnes \u00e2g\u00e9es de 41 \u00e0 65 ans pensent que l'incontinence est pire que le fait de ne pas pouvoir se lever du lit. 31% des personnes \u00e2g\u00e9es de plus de 66 ans pensent que l'incontinence est pire que la n\u00e9cessit\u00e9 d'une sonde d'alimentation et 26% pensent qu'elle est pire que la n\u00e9cessit\u00e9 d'une prise en charge 24 heures sur 24 et 7 jours sur 7.<\/p>\n\n\n\n<p>Les femmes sont plus nombreuses \u00e0 conna\u00eetre les probl\u00e8mes li\u00e9s au plancher pelvien (73% contre 54% pour les hommes) et les traitements actuellement disponibles. Les personnes \u00e2g\u00e9es de plus de 66 ans \u00e9taient beaucoup moins susceptibles de conna\u00eetre les diff\u00e9rents traitements, en particulier ceux qui sont disponibles sans qu'il soit n\u00e9cessaire de consulter un m\u00e9decin.<\/p>\n\n\n\n<p>Les jeunes sont plus susceptibles d'avoir entendu parler des termes \u2018m\u00e9decine r\u00e9g\u00e9n\u00e9rative\u2019 et \u2018th\u00e9rapie par cellules souches\u2019. Les Britanniques de race blanche \u00e9taient beaucoup moins susceptibles d'avoir entendu parler d\u2018\u2019ing\u00e9nierie tissulaire\" que les personnes d'autres origines. L'essai de la th\u00e9rapie cellulaire comme traitement possible de l'incontinence f\u00e9cale \u00e9tait le plus populaire parmi les personnes \u00e2g\u00e9es de 41 \u00e0 65 ans.<\/p>\n\n\n\n<p><strong>Nos conclusions<\/strong><\/p>\n\n\n\n<p>Les r\u00e9sultats de l'enqu\u00eate confirment que le public consid\u00e8re l'IF comme un grave probl\u00e8me de sant\u00e9 publique. Les donn\u00e9es de l'\u00e9tude montrent \u00e9galement que les personnes de tous \u00e2ges craignent d'\u00eatre incontinentes. Bien que les gens soient conscients de l'existence du plancher pelvien, ils comprennent mal les diff\u00e9rentes th\u00e9rapies disponibles, en particulier la m\u00e9decine r\u00e9g\u00e9n\u00e9rative.<\/p>\n\n\n\n<p class=\"has-black-color has-text-color\">Nous pensons donc qu'il est n\u00e9cessaire de sensibiliser davantage le public aux nouveaux traitements \u00e0 l'\u00e9tude pour traiter l'incontinence. Le public est enthousiaste \u00e0 l'\u00e9gard des nouvelles th\u00e9rapies visant \u00e0 r\u00e9tablir la continence, mais il a besoin d'en savoir plus sur les avantages et les risques des traitements non conventionnels. AMELIE utilisera ces informations pour sensibiliser le public \u00e0 l'incontinence et pour faciliter le recrutement des participants \u00e0 l'essai clinique.<strong><\/strong><\/p>","protected":false},"excerpt":{"rendered":"<p>L'incontinence f\u00e9cale (IF) est une affection courante qui touche environ 67 millions de personnes en Europe. Beaucoup de ces personnes peuvent \u00eatre incontinentes \u00e0 cause d'une blessure, souvent \u00e0 la suite d'un accouchement. Les recherches d'AMELIE sur la m\u00e9decine r\u00e9g\u00e9n\u00e9rative et la th\u00e9rapie cellulaire visent \u00e0 aider ces personnes. Dans le cadre du projet AMELIE, nous avons men\u00e9 une enqu\u00eate pour savoir ce que les gens pensent de l'IF et de la m\u00e9decine r\u00e9g\u00e9n\u00e9rative dans diff\u00e9rents pays europ\u00e9ens.<\/p>","protected":false},"author":1,"featured_media":31392,"comment_status":"open","ping_status":"open","sticky":false,"template":"","format":"standard","meta":{"_et_pb_use_builder":"","_et_pb_old_content":"","_et_gb_content_width":"","_coblocks_attr":"","_coblocks_dimensions":"","_coblocks_responsive_height":"","_coblocks_accordion_ie_support":"","footnotes":"","_links_to":"","_links_to_target":""},"categories":[47],"tags":[],"class_list":["post-31394","post","type-post","status-publish","format-standard","has-post-thumbnail","hentry","category-latest-news"],"_links":{"self":[{"href":"https:\/\/amelie-project.eu\/fr\/wp-json\/wp\/v2\/posts\/31394","targetHints":{"allow":["GET"]}}],"collection":[{"href":"https:\/\/amelie-project.eu\/fr\/wp-json\/wp\/v2\/posts"}],"about":[{"href":"https:\/\/amelie-project.eu\/fr\/wp-json\/wp\/v2\/types\/post"}],"author":[{"embeddable":true,"href":"https:\/\/amelie-project.eu\/fr\/wp-json\/wp\/v2\/users\/1"}],"replies":[{"embeddable":true,"href":"https:\/\/amelie-project.eu\/fr\/wp-json\/wp\/v2\/comments?post=31394"}],"version-history":[{"count":1,"href":"https:\/\/amelie-project.eu\/fr\/wp-json\/wp\/v2\/posts\/31394\/revisions"}],"predecessor-version":[{"id":31395,"href":"https:\/\/amelie-project.eu\/fr\/wp-json\/wp\/v2\/posts\/31394\/revisions\/31395"}],"wp:featuredmedia":[{"embeddable":true,"href":"https:\/\/amelie-project.eu\/fr\/wp-json\/wp\/v2\/media\/31392"}],"wp:attachment":[{"href":"https:\/\/amelie-project.eu\/fr\/wp-json\/wp\/v2\/media?parent=31394"}],"wp:term":[{"taxonomy":"category","embeddable":true,"href":"https:\/\/amelie-project.eu\/fr\/wp-json\/wp\/v2\/categories?post=31394"},{"taxonomy":"post_tag","embeddable":true,"href":"https:\/\/amelie-project.eu\/fr\/wp-json\/wp\/v2\/tags?post=31394"}],"curies":[{"name":"wp","href":"https:\/\/api.w.org\/{rel}","templated":true}]}}